{"id":165,"date":"2023-02-20T15:47:20","date_gmt":"2023-02-20T14:47:20","guid":{"rendered":"https:\/\/backtovrac.be\/?p=165"},"modified":"2023-02-20T15:47:20","modified_gmt":"2023-02-20T14:47:20","slug":"ouverture-ce-1er-mars-a-frasnes-lez-gosselies","status":"publish","type":"post","link":"https:\/\/backtovrac.be\/index.php\/2023\/02\/20\/ouverture-ce-1er-mars-a-frasnes-lez-gosselies\/","title":{"rendered":"Ouverture ce 1er mars \u00e0 Frasnes-lez-Gosselies !"},"content":{"rendered":"\n<figure class=\"wp-block-image size-large\"><img loading=\"lazy\" decoding=\"async\" width=\"1024\" height=\"406\" src=\"https:\/\/backtovrac.be\/wp-content\/uploads\/2023\/02\/we-are-back-rogne-1024x406.png\" alt=\"\" class=\"wp-image-171\" srcset=\"https:\/\/backtovrac.be\/wp-content\/uploads\/2023\/02\/we-are-back-rogne-1024x406.png 1024w, https:\/\/backtovrac.be\/wp-content\/uploads\/2023\/02\/we-are-back-rogne-300x119.png 300w, https:\/\/backtovrac.be\/wp-content\/uploads\/2023\/02\/we-are-back-rogne-768x305.png 768w, https:\/\/backtovrac.be\/wp-content\/uploads\/2023\/02\/we-are-back-rogne-1536x609.png 1536w, https:\/\/backtovrac.be\/wp-content\/uploads\/2023\/02\/we-are-back-rogne.png 1588w\" sizes=\"auto, (max-width: 767px) 89vw, (max-width: 1000px) 54vw, (max-width: 1071px) 543px, 580px\" \/><\/figure>\n\n\n\n<p>Apr\u00e8s un travail de longue haleine et quelques impr\u00e9vus, c&rsquo;est avec joie que nous vous communiquons la tant attendue date de r\u00e9ouverture du magasin \u00e0 Frasnes-lez-Gosselies.. <img loading=\"lazy\" decoding=\"async\" height=\"16\" width=\"16\" alt=\"\ud83e\udd41\" src=\"https:\/\/static.xx.fbcdn.net\/images\/emoji.php\/v9\/te7\/1.5\/16\/1f941.png\"><\/p>\n\n\n\n<p><a><\/a>Celle-ci aura lieu le \ud835\uddfa\ud835\uddf2\ud835\uddff\ud835\uddf0\ud835\uddff\ud835\uddf2\ud835\uddf1\ud835\uddf6 \ud835\udfed\ud835\uddf2\ud835\uddff \ud835\uddfa\ud835\uddee\ud835\uddff\ud835\ude00 \ud835\uddee\u0300 \ud835\udfed\ud835\udfec\ud835\uddf5 ! <img loading=\"lazy\" decoding=\"async\" height=\"16\" width=\"16\" alt=\"\ud83e\udd29\" src=\"https:\/\/static.xx.fbcdn.net\/images\/emoji.php\/v9\/tb1\/1.5\/16\/1f929.png\"><img loading=\"lazy\" decoding=\"async\" height=\"16\" width=\"16\" alt=\"\ud83d\ude4c\" src=\"https:\/\/static.xx.fbcdn.net\/images\/emoji.php\/v9\/t56\/1.5\/16\/1f64c.png\"><img loading=\"lazy\" decoding=\"async\" height=\"16\" width=\"16\" alt=\"\ud83e\udd73\" src=\"https:\/\/static.xx.fbcdn.net\/images\/emoji.php\/v9\/tc6\/1.5\/16\/1f973.png\"><\/p>\n\n\n\n<p>Les horaires d&rsquo;ouverture sont \ud835\uddf1\ud835\ude02 \ud835\uddfa\ud835\uddf2\ud835\uddff\ud835\uddf0\ud835\uddff\ud835\uddf2\ud835\uddf1\ud835\uddf6 \ud835\uddee\ud835\ude02 \ud835\ude00\ud835\uddee\ud835\uddfa\ud835\uddf2\ud835\uddf1\ud835\uddf6 \ud835\uddf1\ud835\uddf2 \ud835\udfed\ud835\udfec\ud835\uddf5 \ud835\uddee\u0300 \ud835\udfed\ud835\udff4\ud835\uddf5.<\/p>\n\n\n\n<p>L&rsquo;adresse du magasin, situ\u00e9 sur le site de la Coop\u00e9rative Agricoeur est :<\/p>\n\n\n\n<p>\ud835\uddff\ud835\ude02\ud835\uddf2 \ud835\uddf1\ud835\uddf2 \ud835\udde6\ud835\uddee\ud835\uddff\ud835\ude01-\ud835\uddd7\ud835\uddee\ud835\uddfa\ud835\uddf2\ud835\ude00-\ud835\uddd4\ud835\ude03\ud835\uddf2\ud835\uddf9\ud835\uddf6\ud835\uddfb\ud835\uddf2\ud835\ude00 \ud835\udff4\ud835\uddd4 \ud835\uddee\u0300 \ud835\udff2\ud835\udfee\ud835\udfed\ud835\udfec \ud835\uddd9\ud835\uddff\ud835\uddee\ud835\ude00\ud835\uddfb\ud835\uddf2\ud835\ude00-\ud835\uddf9\ud835\uddf2\ud835\ude07-\ud835\uddda\ud835\uddfc\ud835\ude00\ud835\ude00\ud835\uddf2\ud835\uddf9\ud835\uddf6\ud835\uddf2\ud835\ude00<\/p>\n\n\n\n<p>Nous finalisons les derniers d\u00e9tails et la r\u00e9ception des commandes afin de vous accueillir dans les meilleures conditions, en attendant n&rsquo;h\u00e9sitez pas \u00e0 faire un max de bruit en partageant l&rsquo;information<img loading=\"lazy\" decoding=\"async\" height=\"16\" width=\"16\" alt=\"\ud83d\udce3\" src=\"https:\/\/static.xx.fbcdn.net\/images\/emoji.php\/v9\/t13\/1.5\/16\/1f4e3.png\"><\/p>\n\n\n\n<p>A tr\u00e8s vite ! <img loading=\"lazy\" decoding=\"async\" height=\"16\" width=\"16\" src=\"https:\/\/static.xx.fbcdn.net\/images\/emoji.php\/v9\/tce\/1.5\/16\/1f618.png\" alt=\"\ud83d\ude18\"><\/p>\n\n\n\n<figure class=\"wp-block-image size-large is-resized\"><img loading=\"lazy\" decoding=\"async\" src=\"https:\/\/backtovrac.be\/wp-content\/uploads\/2023\/02\/IMG20230216162828-1024x576.jpg\" alt=\"\" class=\"wp-image-167\" width=\"476\" height=\"268\" srcset=\"https:\/\/backtovrac.be\/wp-content\/uploads\/2023\/02\/IMG20230216162828-1024x576.jpg 1024w, https:\/\/backtovrac.be\/wp-content\/uploads\/2023\/02\/IMG20230216162828-300x169.jpg 300w, https:\/\/backtovrac.be\/wp-content\/uploads\/2023\/02\/IMG20230216162828-768x432.jpg 768w, https:\/\/backtovrac.be\/wp-content\/uploads\/2023\/02\/IMG20230216162828-1536x864.jpg 1536w, https:\/\/backtovrac.be\/wp-content\/uploads\/2023\/02\/IMG20230216162828-2048x1152.jpg 2048w\" sizes=\"auto, (max-width: 476px) 100vw, 476px\" \/><\/figure>\n\n\n\n<figure class=\"wp-block-gallery has-nested-images columns-default is-cropped wp-block-gallery-1 is-layout-flex wp-block-gallery-is-layout-flex\">\n<figure class=\"wp-block-image size-large\"><img loading=\"lazy\" decoding=\"async\" width=\"576\" height=\"1024\" data-id=\"168\" src=\"https:\/\/backtovrac.be\/wp-content\/uploads\/2023\/02\/IMG20230217150524-1-576x1024.jpg\" alt=\"\" class=\"wp-image-168\" srcset=\"https:\/\/backtovrac.be\/wp-content\/uploads\/2023\/02\/IMG20230217150524-1-576x1024.jpg 576w, https:\/\/backtovrac.be\/wp-content\/uploads\/2023\/02\/IMG20230217150524-1-169x300.jpg 169w, https:\/\/backtovrac.be\/wp-content\/uploads\/2023\/02\/IMG20230217150524-1-768x1365.jpg 768w, https:\/\/backtovrac.be\/wp-content\/uploads\/2023\/02\/IMG20230217150524-1-864x1536.jpg 864w, https:\/\/backtovrac.be\/wp-content\/uploads\/2023\/02\/IMG20230217150524-1-1152x2048.jpg 1152w, https:\/\/backtovrac.be\/wp-content\/uploads\/2023\/02\/IMG20230217150524-1-scaled.jpg 1440w\" sizes=\"auto, (max-width: 576px) 100vw, 576px\" \/><\/figure>\n\n\n\n<figure class=\"wp-block-image size-large\"><img loading=\"lazy\" decoding=\"async\" width=\"576\" height=\"1024\" data-id=\"169\" src=\"https:\/\/backtovrac.be\/wp-content\/uploads\/2023\/02\/IMG20230217150515-576x1024.jpg\" alt=\"\" class=\"wp-image-169\" srcset=\"https:\/\/backtovrac.be\/wp-content\/uploads\/2023\/02\/IMG20230217150515-576x1024.jpg 576w, https:\/\/backtovrac.be\/wp-content\/uploads\/2023\/02\/IMG20230217150515-169x300.jpg 169w, https:\/\/backtovrac.be\/wp-content\/uploads\/2023\/02\/IMG20230217150515-768x1365.jpg 768w, https:\/\/backtovrac.be\/wp-content\/uploads\/2023\/02\/IMG20230217150515-864x1536.jpg 864w, https:\/\/backtovrac.be\/wp-content\/uploads\/2023\/02\/IMG20230217150515-1152x2048.jpg 1152w, https:\/\/backtovrac.be\/wp-content\/uploads\/2023\/02\/IMG20230217150515-scaled.jpg 1440w\" sizes=\"auto, (max-width: 576px) 100vw, 576px\" \/><\/figure>\n<\/figure>\n","protected":false},"excerpt":{"rendered":"<p>Apr\u00e8s un travail de longue haleine et quelques impr\u00e9vus, c&rsquo;est avec joie que nous vous communiquons la tant attendue date de r\u00e9ouverture du magasin \u00e0 Frasnes-lez-Gosselies.. Celle-ci aura lieu le \ud835\uddfa\ud835\uddf2\ud835\uddff\ud835\uddf0\ud835\uddff\ud835\uddf2\ud835\uddf1\ud835\uddf6 \ud835\udfed\ud835\uddf2\ud835\uddff \ud835\uddfa\ud835\uddee\ud835\uddff\ud835\ude00 \ud835\uddee\u0300 \ud835\udfed\ud835\udfec\ud835\uddf5 ! Les horaires d&rsquo;ouverture sont \ud835\uddf1\ud835\ude02 \ud835\uddfa\ud835\uddf2\ud835\uddff\ud835\uddf0\ud835\uddff\ud835\uddf2\ud835\uddf1\ud835\uddf6 \ud835\uddee\ud835\ude02 \ud835\ude00\ud835\uddee\ud835\uddfa\ud835\uddf2\ud835\uddf1\ud835\uddf6 \ud835\uddf1\ud835\uddf2 \ud835\udfed\ud835\udfec\ud835\uddf5 \ud835\uddee\u0300 \ud835\udfed\ud835\udff4\ud835\uddf5. L&rsquo;adresse du magasin, situ\u00e9 sur le site &hellip; <\/p>\n<p class=\"link-more\"><a href=\"https:\/\/backtovrac.be\/index.php\/2023\/02\/20\/ouverture-ce-1er-mars-a-frasnes-lez-gosselies\/\" class=\"more-link\">Continuer la lecture<span class=\"screen-reader-text\"> de &laquo;&nbsp;Ouverture ce 1er mars \u00e0 Frasnes-lez-Gosselies !&nbsp;&raquo;<\/span><\/a><\/p>\n","protected":false},"author":1,"featured_media":0,"comment_status":"open","ping_status":"open","sticky":true,"template":"","format":"standard","meta":{"footnotes":""},"categories":[1],"tags":[],"class_list":["post-165","post","type-post","status-publish","format-standard","hentry","category-non-classe"],"_links":{"self":[{"href":"https:\/\/backtovrac.be\/index.php\/wp-json\/wp\/v2\/posts\/165","targetHints":{"allow":["GET"]}}],"collection":[{"href":"https:\/\/backtovrac.be\/index.php\/wp-json\/wp\/v2\/posts"}],"about":[{"href":"https:\/\/backtovrac.be\/index.php\/wp-json\/wp\/v2\/types\/post"}],"author":[{"embeddable":true,"href":"https:\/\/backtovrac.be\/index.php\/wp-json\/wp\/v2\/users\/1"}],"replies":[{"embeddable":true,"href":"https:\/\/backtovrac.be\/index.php\/wp-json\/wp\/v2\/comments?post=165"}],"version-history":[{"count":1,"href":"https:\/\/backtovrac.be\/index.php\/wp-json\/wp\/v2\/posts\/165\/revisions"}],"predecessor-version":[{"id":172,"href":"https:\/\/backtovrac.be\/index.php\/wp-json\/wp\/v2\/posts\/165\/revisions\/172"}],"wp:attachment":[{"href":"https:\/\/backtovrac.be\/index.php\/wp-json\/wp\/v2\/media?parent=165"}],"wp:term":[{"taxonomy":"category","embeddable":true,"href":"https:\/\/backtovrac.be\/index.php\/wp-json\/wp\/v2\/categories?post=165"},{"taxonomy":"post_tag","embeddable":true,"href":"https:\/\/backtovrac.be\/index.php\/wp-json\/wp\/v2\/tags?post=165"}],"curies":[{"name":"wp","href":"https:\/\/api.w.org\/{rel}","templated":true}]}}